{"id":1734,"date":"2017-03-17T12:19:01","date_gmt":"2017-03-17T11:19:01","guid":{"rendered":"http:\/\/www.uildmve.org\/?p=1734"},"modified":"2017-03-29T13:43:49","modified_gmt":"2017-03-29T11:43:49","slug":"uildm-a-roma-contro-i-tagli-al-fondo-per-le-persone-con-disabilita","status":"publish","type":"post","link":"https:\/\/www.uildmve.org\/index.php\/uildm-a-roma-contro-i-tagli-al-fondo-per-le-persone-con-disabilita\/","title":{"rendered":"Marted\u00ec 4 aprile 2017 &#8211; UILDM A ROMA CONTRO I TAGLI AL FONDO PER LE PERSONE CON DISABILIT\u00c0"},"content":{"rendered":"<p class=\"ox-549b4d5d0c-MsoNormal\" align=\"center\"><i>Il Presidente Rasconi: \u00abLo sviluppo degli strumenti medici deve andare<\/i><\/p>\n<p class=\"ox-549b4d5d0c-MsoNormal\" align=\"center\"><i>di pari passo con un investimento sociale\u00bb<\/i><\/p>\n<p class=\"ox-549b4d5d0c-MsoNormal\"><i>\u00a0<\/i><\/p>\n<p class=\"ox-549b4d5d0c-MsoNormal\"><i>\u00a0<\/i><\/p>\n<p class=\"ox-549b4d5d0c-MsoNormal\"><b>Marted\u00ec 4 aprile 2017 <\/b>UILDM, insieme ad AISLA (Associazione Italiana Sclerosi Laterale Amiotrofica), Viva La Vita Italia Onlus, Famiglie SMA (Genitori per la ricerca sull\u2019atrofia muscolare spinale), ConSLAncio Onlus, ASAMSI (Associazione per lo Studio delle Atrofie Muscolari Spinali Infantili) e molte altre Associazioni <b>sar\u00e0 a Roma con una propria delegazione<\/b> per protestare contro il taglio di 50 milioni di euro al Fondo per le Non Autosufficienze (FNA), che passa da 500 a 450 milioni. Le forbici sono calate anche sul Fondo per le Politiche sociali, che da 313 passa a 99 milioni.<\/p>\n<p class=\"ox-549b4d5d0c-MsoNormal\">\u00abL\u2019allargamento della platea dei beneficiari e il non adeguamento del Fondo sono una criticit\u00e0 che compromette la possibilit\u00e0 di una pi\u00f9 soddisfacente qualit\u00e0 della vita di tutte le persone con disabilit\u00e0 motoria grave e non solo. \u2013 spiega il <b>Presidente nazionale UILDM, Marco Rasconi<\/b> &#8211;\u00a0 Negli anni lo sviluppo degli strumenti medici ha permesso un allungamento della speranza di vita e un miglioramento delle condizioni fisiche delle persone che rappresentiamo. Tale sviluppo deve per\u00f2 andare di pari passo con un investimento sociale che sostenga questi strumenti e garantisca un buon livello di vita a tutte le persone con disabilit\u00e0. Ci auguriamo che la nostra voce possa permettere uno scatto culturale verso un paese sempre pi\u00f9 inclusivo\u00bb.<\/p>\n<p class=\"ox-549b4d5d0c-MsoNormal\">SCARICA IL COMUNICATO:\u00a0<a href=\"http:\/\/www.uildmve.org\/wp-content\/uploads\/2017\/03\/ComStampa_UILDM-e-i-tagli-al-FNA.pdf\" rel=\"\">ComStampa_UILDM e i tagli al FNA<\/a><\/p>\n<p class=\"ox-549b4d5d0c-MsoNormal\">Padova, 17 marzo 2017<\/p>\n<p class=\"ox-549b4d5d0c-MsoNormal\">Crizia Narduzzo<\/p>\n<p class=\"ox-549b4d5d0c-MsoNormal\"><i>Ufficio Stampa e Comunicazione<\/i><\/p>\n<p class=\"ox-549b4d5d0c-MsoNormal\"><i>UILDM ONLUS &#8211; Direzione Nazionale<\/i><\/p>\n<p class=\"ox-549b4d5d0c-MsoNormal\">Tel. 049\/8021001<\/p>\n<p class=\"ox-549b4d5d0c-MsoNormal\">Seguici su <a href=\"https:\/\/www.facebook.com\/UILDM-Unione-Italiana-Lotta-alla-Distrofia-Muscolare-Direzione-Nazionale-50181187169\/timeline\/\" target=\"_blank\"><img loading=\"lazy\" decoding=\"async\" id=\"ox-549b4d5d0c-Immagine_x0020_7\" src=\"https:\/\/pim.register.it\/appsuite\/api\/image\/mail\/picture?folder=default0%2FINBOX&amp;id=1283&amp;uid=image001.gif%4001D29EFE.D80F0330\" alt=\"e943ecc8-5be2-4768-a17e-1b829b908afe\" width=\"24\" height=\"24\" border=\"0\" \/><\/a>\u00a0\u00a0<a href=\"https:\/\/twitter.com\/UILDMnazionale\" target=\"_blank\"><img loading=\"lazy\" decoding=\"async\" id=\"ox-549b4d5d0c-Immagine_x0020_6\" src=\"https:\/\/pim.register.it\/appsuite\/api\/image\/mail\/picture?folder=default0%2FINBOX&amp;id=1283&amp;uid=image002.gif%4001D29EFE.D80F0330\" alt=\"541aa3ae-22f4-4ed9-bfd4-35cb8d8633b6\" width=\"24\" height=\"24\" border=\"0\" \/><\/a>\u00a0\u00a0<a href=\"https:\/\/www.instagram.com\/uildm_nazionale\/\" target=\"_blank\"><img loading=\"lazy\" decoding=\"async\" id=\"ox-549b4d5d0c-Immagine_x0020_5\" src=\"https:\/\/pim.register.it\/appsuite\/api\/image\/mail\/picture?folder=default0%2FINBOX&amp;id=1283&amp;uid=image003.png%4001D29EFE.D80F0330\" alt=\"IG\" width=\"24\" height=\"24\" border=\"0\" \/><\/a>\u00a0\u00a0<a href=\"http:\/\/www.uildm.org\/\" target=\"_blank\">uildm.org<\/a><\/p>\n<p class=\"ox-549b4d5d0c-MsoNormal\">\n","protected":false},"excerpt":{"rendered":"<p>Il Presidente Rasconi: \u00abLo sviluppo degli strumenti medici deve andare di pari passo con un investimento sociale\u00bb \u00a0 \u00a0 Marted\u00ec 4 aprile 2017 UILDM, insieme ad AISLA (Associazione Italiana Sclerosi&#8230; <a class=\"read-more-link\" href=\"https:\/\/www.uildmve.org\/index.php\/uildm-a-roma-contro-i-tagli-al-fondo-per-le-persone-con-disabilita\/\">Read more &raquo;<\/a><\/p>\n","protected":false},"author":1,"featured_media":1739,"comment_status":"closed","ping_status":"closed","sticky":false,"template":"","format":"standard","meta":{"footnotes":""},"categories":[3],"tags":[],"class_list":["post-1734","post","type-post","status-publish","format-standard","has-post-thumbnail","hentry","category-uildm"],"_links":{"self":[{"href":"https:\/\/www.uildmve.org\/index.php\/wp-json\/wp\/v2\/posts\/1734","targetHints":{"allow":["GET"]}}],"collection":[{"href":"https:\/\/www.uildmve.org\/index.php\/wp-json\/wp\/v2\/posts"}],"about":[{"href":"https:\/\/www.uildmve.org\/index.php\/wp-json\/wp\/v2\/types\/post"}],"author":[{"embeddable":true,"href":"https:\/\/www.uildmve.org\/index.php\/wp-json\/wp\/v2\/users\/1"}],"replies":[{"embeddable":true,"href":"https:\/\/www.uildmve.org\/index.php\/wp-json\/wp\/v2\/comments?post=1734"}],"version-history":[{"count":3,"href":"https:\/\/www.uildmve.org\/index.php\/wp-json\/wp\/v2\/posts\/1734\/revisions"}],"predecessor-version":[{"id":1757,"href":"https:\/\/www.uildmve.org\/index.php\/wp-json\/wp\/v2\/posts\/1734\/revisions\/1757"}],"wp:featuredmedia":[{"embeddable":true,"href":"https:\/\/www.uildmve.org\/index.php\/wp-json\/wp\/v2\/media\/1739"}],"wp:attachment":[{"href":"https:\/\/www.uildmve.org\/index.php\/wp-json\/wp\/v2\/media?parent=1734"}],"wp:term":[{"taxonomy":"category","embeddable":true,"href":"https:\/\/www.uildmve.org\/index.php\/wp-json\/wp\/v2\/categories?post=1734"},{"taxonomy":"post_tag","embeddable":true,"href":"https:\/\/www.uildmve.org\/index.php\/wp-json\/wp\/v2\/tags?post=1734"}],"curies":[{"name":"wp","href":"https:\/\/api.w.org\/{rel}","templated":true}]}}