{"id":621,"date":"2016-07-11T14:06:20","date_gmt":"2016-07-11T12:06:20","guid":{"rendered":"http:\/\/www.uildmve.org\/?p=621"},"modified":"2016-09-28T11:08:49","modified_gmt":"2016-09-28T09:08:49","slug":"nuovo-ambulatorio-di-logopedia","status":"publish","type":"post","link":"https:\/\/www.uildmve.org\/index.php\/nuovo-ambulatorio-di-logopedia\/","title":{"rendered":"Nuovo ambulatorio di logopedia"},"content":{"rendered":"<h1><span style=\"color: #ff0000;\">PROGETTO: NUOVO AMBULATORIO DI LOGOPEDIA PER BAMBINI DISABILI DI COMUNICAZIONE AUMENTATIVA ALTERNATIVA<\/span><\/h1>\n<h4><strong>IL CENTRO MEDICO SOCIALE<\/strong><\/h4>\n<p>L&#8217;attuale assetto del Centro Medico Sociale prevede uno spazio condiviso al piano terra per le terapie delle persone con disabilit\u00e0, al cui interno si \u00e8 ricavato un angolo dedicato ai bambini e al piano superiore un ambulatorio di logopedia pensato per i minori ma utilizzata anche dagli adulti. Questi spazi non suppliscono il reale bisogno dell&#8217;utenza. L&#8217;unico spazio al primo piano non prevede la contemporaneit\u00e0 di pi\u00f9 interventi, inoltre la disabilit\u00e0 infantile necessita di uno spazio su misura che non pu\u00f2 essere \u201cpromiscuo\u201d o ricavato. L&#8217;ambulatorio inoltre deve essere ripensato in funzione dei nuovi ausili di cui ci si intende dotare. Il progetto intende quindi riconvertire uno spazio attualmente non utilizzato in un ambulatorio logopedico e di terapia occupazionale.<\/p>\n<p>&nbsp;<\/p>\n<h4><strong>IL SERVIZIO DI LOGOPEDIA UILDM VENEZIA Onlus<\/strong><\/h4>\n<p>Il servizio di logopedia si rivolge a diverse tipologie di persone nel territorio delle ASL 12 e 13.<br \/>\nIn et\u00e0 adulta si affrontano problematiche legate a deglutizione e comunicazione nei pazienti affetti da patologie neurodegenerative quale ad es. la SLA, perseguendo come obiettivo di base il miglioramento della qualit\u00e0 della vita del paziente.<br \/>\nIn et\u00e0 evolutiva il servizio \u00e8 rivolto a tutti i bambini con gravi disabilit\u00e0.<\/p>\n<p>&nbsp;<\/p>\n<h4><strong>LA COMUNICAZIONE AUMENTATIVA ALTERNATIVA<\/strong><\/h4>\n<p>Ogni persona indipendentemente dal grado di disabilit\u00e0 ha il diritto fondamentale di influenzare, mediante la comunicazione, le condizioni della sua vita. La comunicazione aumentativa mette nelle condizioni di comunicare anche le persone che non possono esprimersi verbalmente.<\/p>\n<p><img loading=\"lazy\" decoding=\"async\" class=\"aligncenter wp-image-614\" src=\"http:\/\/www.uildmve.org\/wp-content\/uploads\/2016\/06\/families-for-children-child-with-disabilities-image.jpg\" alt=\"families-for-children-child-with-disabilities-image\" width=\"652\" height=\"370\" srcset=\"https:\/\/www.uildmve.org\/wp-content\/uploads\/2016\/06\/families-for-children-child-with-disabilities-image.jpg 757w, https:\/\/www.uildmve.org\/wp-content\/uploads\/2016\/06\/families-for-children-child-with-disabilities-image-300x170.jpg 300w\" sizes=\"auto, (max-width: 652px) 100vw, 652px\" \/><\/p>\n<h2 style=\"text-align: center;\"><strong>BUDGET NECESSARIO: 10.000 \u20ac<\/strong><\/h2>\n<pre><code><\/code><code>[wppb progress=45 fullwidth=foo location=inside color=#ff0000 gradient=0.2]\r\n<\/code><\/pre>\n<h2>\u00a0[give_form id=&#8221;572&#8243;]<\/h2>\n<p>&nbsp;<\/p>\n<p style=\"text-align: center;\"><strong>TERMINE MASSIMO: 30\/10\/2016<\/strong><\/p>\n","protected":false},"excerpt":{"rendered":"<p>PROGETTO: NUOVO AMBULATORIO DI LOGOPEDIA PER BAMBINI DISABILI DI COMUNICAZIONE AUMENTATIVA ALTERNATIVA IL CENTRO MEDICO SOCIALE L&#8217;attuale assetto del Centro Medico Sociale prevede uno spazio condiviso al piano terra per&#8230; <a class=\"read-more-link\" href=\"https:\/\/www.uildmve.org\/index.php\/nuovo-ambulatorio-di-logopedia\/\">Read more &raquo;<\/a><\/p>\n","protected":false},"author":1,"featured_media":616,"comment_status":"closed","ping_status":"closed","sticky":false,"template":"","format":"standard","meta":{"footnotes":""},"categories":[11],"tags":[],"class_list":["post-621","post","type-post","status-publish","format-standard","has-post-thumbnail","hentry","category-progetti"],"_links":{"self":[{"href":"https:\/\/www.uildmve.org\/index.php\/wp-json\/wp\/v2\/posts\/621","targetHints":{"allow":["GET"]}}],"collection":[{"href":"https:\/\/www.uildmve.org\/index.php\/wp-json\/wp\/v2\/posts"}],"about":[{"href":"https:\/\/www.uildmve.org\/index.php\/wp-json\/wp\/v2\/types\/post"}],"author":[{"embeddable":true,"href":"https:\/\/www.uildmve.org\/index.php\/wp-json\/wp\/v2\/users\/1"}],"replies":[{"embeddable":true,"href":"https:\/\/www.uildmve.org\/index.php\/wp-json\/wp\/v2\/comments?post=621"}],"version-history":[{"count":18,"href":"https:\/\/www.uildmve.org\/index.php\/wp-json\/wp\/v2\/posts\/621\/revisions"}],"predecessor-version":[{"id":767,"href":"https:\/\/www.uildmve.org\/index.php\/wp-json\/wp\/v2\/posts\/621\/revisions\/767"}],"wp:featuredmedia":[{"embeddable":true,"href":"https:\/\/www.uildmve.org\/index.php\/wp-json\/wp\/v2\/media\/616"}],"wp:attachment":[{"href":"https:\/\/www.uildmve.org\/index.php\/wp-json\/wp\/v2\/media?parent=621"}],"wp:term":[{"taxonomy":"category","embeddable":true,"href":"https:\/\/www.uildmve.org\/index.php\/wp-json\/wp\/v2\/categories?post=621"},{"taxonomy":"post_tag","embeddable":true,"href":"https:\/\/www.uildmve.org\/index.php\/wp-json\/wp\/v2\/tags?post=621"}],"curies":[{"name":"wp","href":"https:\/\/api.w.org\/{rel}","templated":true}]}}